{"id":612,"date":"2007-03-27T21:36:00","date_gmt":"2007-03-27T20:36:00","guid":{"rendered":"http:\/\/www.kornecke.de\/blog\/?p=612"},"modified":"2010-02-21T12:05:02","modified_gmt":"2010-02-21T12:05:02","slug":"50-jahre-europa","status":"publish","type":"post","link":"https:\/\/www.kornecke.de\/blog\/?p=612","title":{"rendered":"50 Jahre Europa"},"content":{"rendered":"<p>Am Wochenende fanden die Feierlichkeiten zum 50. Jahrestag der R\u00f6mischen Vertr\u00e4ge statt. Obwohl die Europ\u00e4ische Union bei weitem nicht als nur positiv empfunden wird. Oder gerade deswegen &#8211; schlie\u00dflich bietet ein solches Volksfest wie das vorm Brandenburger Tor die M\u00f6glichkeit zur oft vermissten B\u00fcrgern\u00e4he  beizutragen. Den Menschen k\u00f6nnen hier auf einfache Art und Weise zahlreiche der Vorteile der EU n\u00e4her gebracht werden.  Denn in den K\u00f6pfen der Leute stecken viele Unklarheiten, Halbwissen und Vorurteile \u00fcber die EU.<\/p>\n<p>Ein sehr treffenden Beispiel hierf\u00fcr ist (so gesendet am Sonntag bei Sabine Christiansen) ein Berliner Bauunternehmer, der seine Bef\u00fcrchtungen \u00fcber die drohende Invasion polnischer Arbeitskr\u00e4fte kund tat. So w\u00fcrde Deutschland ab 2009, wenn die Sonderregelung zur Einschr\u00e4nkung der Freiz\u00fcgigkeit der EU-Arbeitnehmer endet, von billigen polnischen Bauarbeitern \u00fcberflutet. Unber\u00fccksichtigt bleibt bei dieser vereinfachten Darstellung jedoch, dass f\u00fcr Arbeitskr\u00e4fte anderer EU-L\u00e4nder, die in Deutschland arbeiten, die gleichen Bedingungen herrschen, wie f\u00fcr einheimische Arbeitnehmer. D.h. es gelten auch f\u00fcr Osteurop\u00e4er die sozialen Mindeststandards (K\u00fcndigungsfristen, Mindestlohn) z.B. der deutschen Baubranche. Hingegen ist das Problem der illegalen Besch\u00e4ftigung meist ausl\u00e4ndischer Arbeiter auf z.B. deutschen Baustellen ein Problem unabh\u00e4ngig von der EU. Schwarzarbeit zu verhindern liegt also in der Verantwortung der jeweilen Nationalstaaten!<\/p>\n<p>Wenn solche Verantwortlichkeiten klar getrennt betrachtet w\u00fcrden, w\u00e4re auch das Bild der EU positiver. Allerdings sind die deutschen (Landes-!) Politiker nicht ganz unschuldig an diesen Verwirrungen.<\/p>\n","protected":false},"excerpt":{"rendered":"<p>Am Wochenende fanden die Feierlichkeiten zum 50. Jahrestag der R\u00f6mischen Vertr\u00e4ge statt. Obwohl die Europ\u00e4ische Union bei weitem nicht als nur positiv empfunden wird. Oder gerade deswegen &#8211; schlie\u00dflich bietet ein solches Volksfest wie das vorm Brandenburger Tor die M\u00f6glichkeit zur oft vermissten B\u00fcrgern\u00e4he beizutragen. Den Menschen k\u00f6nnen hier auf einfache Art und Weise zahlreiche [&hellip;]<\/p>\n","protected":false},"author":5,"featured_media":0,"comment_status":"open","ping_status":"open","sticky":false,"template":"","format":"standard","meta":{"footnotes":""},"categories":[11],"tags":[],"_links":{"self":[{"href":"https:\/\/www.kornecke.de\/blog\/index.php?rest_route=\/wp\/v2\/posts\/612"}],"collection":[{"href":"https:\/\/www.kornecke.de\/blog\/index.php?rest_route=\/wp\/v2\/posts"}],"about":[{"href":"https:\/\/www.kornecke.de\/blog\/index.php?rest_route=\/wp\/v2\/types\/post"}],"author":[{"embeddable":true,"href":"https:\/\/www.kornecke.de\/blog\/index.php?rest_route=\/wp\/v2\/users\/5"}],"replies":[{"embeddable":true,"href":"https:\/\/www.kornecke.de\/blog\/index.php?rest_route=%2Fwp%2Fv2%2Fcomments&post=612"}],"version-history":[{"count":1,"href":"https:\/\/www.kornecke.de\/blog\/index.php?rest_route=\/wp\/v2\/posts\/612\/revisions"}],"predecessor-version":[{"id":1274,"href":"https:\/\/www.kornecke.de\/blog\/index.php?rest_route=\/wp\/v2\/posts\/612\/revisions\/1274"}],"wp:attachment":[{"href":"https:\/\/www.kornecke.de\/blog\/index.php?rest_route=%2Fwp%2Fv2%2Fmedia&parent=612"}],"wp:term":[{"taxonomy":"category","embeddable":true,"href":"https:\/\/www.kornecke.de\/blog\/index.php?rest_route=%2Fwp%2Fv2%2Fcategories&post=612"},{"taxonomy":"post_tag","embeddable":true,"href":"https:\/\/www.kornecke.de\/blog\/index.php?rest_route=%2Fwp%2Fv2%2Ftags&post=612"}],"curies":[{"name":"wp","href":"https:\/\/api.w.org\/{rel}","templated":true}]}}